{"id":11,"date":"2016-09-17T00:00:00","date_gmt":"2016-09-17T00:00:00","guid":{"rendered":"https:\/\/thefox.withemes.com\/clean\/2020\/06\/02\/amet-aeterno-gubergren-ne-per-illum-tincidunt\/"},"modified":"2021-10-07T15:17:14","modified_gmt":"2021-10-07T15:17:14","slug":"harf-karistirma-kitabi","status":"publish","type":"post","link":"https:\/\/duyumarket.com.tr\/blog\/kitap\/harf-karistirma-kitabi\/","title":{"rendered":"Harf Kar\u0131\u015ft\u0131rma Kitab\u0131"},"content":{"rendered":"\n<p class=\"has-drop-cap\">Harf Kar\u0131\u015ft\u0131rma G\u00f6rsel &#8211; \u0130\u015fitsel \u00c7al\u0131\u015fma Kitab\u0131;&nbsp;<strong>Harfleri Kar\u0131\u015ft\u0131rma Sorunu<\/strong>&nbsp;ya\u015fayan \u00e7ocuklar\u0131m\u0131z\u0131n, uygun zihinsel egzersizlerle, harfleri kar\u0131\u015ft\u0131rmalar\u0131na neden olan temel alg\u0131 farkl\u0131l\u0131klar\u0131 ve zihinsel beceri eksikliklerini gidererek bu sorunun ortadan kalkmas\u0131na yard\u0131mc\u0131 olmaktad\u0131r. Ayr\u0131ca;&nbsp;<strong>\u00d6zel \u00d6\u011frenme G\u00fc\u00e7l\u00fc\u011f\u00fc<\/strong>&nbsp;ya\u015fayan \u00e7ocuklar\u0131m\u0131z\u0131n, ebeveynlerinin ve \u00f6\u011fretmenlerinin bu konuda \u00e7al\u0131\u015f\u0131rken kullanabilecekleri bir e\u011fitim materyalidir ve bu alanda nas\u0131l \u00e7al\u0131\u015f\u0131labilece\u011fi konusunda fikir sahibi olmay\u0131 sa\u011flayacakt\u0131r.<br><br>\u00d6zel \u00d6\u011frenme G\u00fc\u00e7l\u00fc\u011f\u00fcnde harf kar\u0131\u015ft\u0131rman\u0131n ana nedenlerinden biri, ki\u015fide g\u00f6rsel-i\u015fitsel dikkat, g\u00f6rsel-i\u015fitsel alg\u0131 ve g\u00f6rsel-i\u015fitsel ayr\u0131mla\u015ft\u0131rma becerilerinde eksikliklerin olmas\u0131d\u0131r. Bu nedenle \u2018\u2018Harf Kar\u0131\u015ft\u0131rma G\u00f6rsel-\u0130\u015fitsel \u00c7al\u0131\u015fma Kitab\u0131\u2019n\u0131n i\u00e7eri\u011fi, bu temel becerileri geli\u015ftirerek sorunu ortadan kald\u0131rmak amac\u0131yla olu\u015fturulmu\u015ftur.<br><br>\u2018Harf Kar\u0131\u015ft\u0131rma G\u00f6rsel-\u0130\u015fitsel \u00c7al\u0131\u015fma Kitab\u0131; \u00d6zel \u00d6\u011frenme G\u00fc\u00e7l\u00fc\u011f\u00fcne y\u00f6nelik uygulanmas\u0131 \u00f6nerilen temel e\u011fitim ilkeleri g\u00f6z \u00f6n\u00fcne al\u0131narak haz\u0131rlanm\u0131\u015ft\u0131r. Kitab\u0131n kullan\u0131m\u0131yla ilgili a\u00e7\u0131klamalar kullanma k\u0131lavuzu b\u00f6l\u00fcm\u00fcnde a\u00e7\u0131klanm\u0131\u015ft\u0131r. Kitaptaki egzersizlere ba\u015flamadan \u00f6nce Kullanma K\u0131lavuzu&#8217;nun okunmas\u0131 ve \u00f6nerilen \u015fekilde \u00e7al\u0131\u015f\u0131lmas\u0131, kitaptan en y\u00fcksek d\u00fczeyde yarar g\u00f6r\u00fclmesini sa\u011flayacakt\u0131r.<br><br>\u2018Harf Kar\u0131\u015ft\u0131rma G\u00f6rsel-\u0130\u015fitsel \u00c7al\u0131\u015fma Kitab\u0131\u2019 iki temel \u00e7al\u0131\u015fma alan\u0131nda yap\u0131land\u0131r\u0131lm\u0131\u015ft\u0131r. Bu alanlar\u0131n ilki; \u00f6\u011frenmeyi kolayla\u015ft\u0131racak \u015fekilde kolaydan zora do\u011fru hiyerar\u015fik bir d\u00fczende olu\u015fturulan, g\u00f6rsel-i\u015fitsel dikkat, g\u00f6rsel-i\u015fitsel alg\u0131 ve g\u00f6rsel-i\u015fitsel ayr\u0131mla\u015ft\u0131rma becerilerini art\u0131rmay\u0131 sa\u011flayacak g\u00f6rsel ve i\u015fitsel egzersizleri i\u00e7ermektedir. \u0130kinci \u00e7al\u0131\u015fma alan\u0131 ise; ilkiyle paralel s\u00fcrd\u00fcr\u00fclen, \u00f6\u011frencinin \u00e7al\u0131\u015fma motivasyonunu art\u0131rmay\u0131 sa\u011flayan, \u00f6d\u00fcl sistemine dayal\u0131 davran\u0131\u015f\u00e7\u0131 tekniklerin uygulanmas\u0131n\u0131 i\u00e7ermektedir.<\/p>\n\n\n\n<p>Farkl\u0131 fontlardan olu\u015fan egzersizler ile \u00e7ocuklar\u0131n farkl\u0131 yaz\u0131 tiplerini zorlanmadan okuyabilmeleri ama\u00e7lanm\u0131\u015ft\u0131r.&nbsp;G\u00f6zden ge\u00e7irilmi\u015f 3. Bask\u0131&nbsp;<\/p>\n","protected":false},"excerpt":{"rendered":"<p>Harf Kar\u0131\u015ft\u0131rma G\u00f6rsel &#8211; \u0130\u015fitsel \u00c7al\u0131\u015fma Kitab\u0131;\u00a0Harfleri Kar\u0131\u015ft\u0131rma Sorunu\u00a0ya\u015fayan \u00e7ocuklar\u0131m\u0131z\u0131n, uygun zihinsel egzersizlerle, harfleri kar\u0131\u015ft\u0131rmalar\u0131na neden olan temel alg\u0131 farkl\u0131l\u0131klar\u0131 ve zihinsel beceri eksikliklerini gidererek bu sorunun ortadan kalkmas\u0131na yard\u0131mc\u0131 olmaktad\u0131r. Ayr\u0131ca;\u00a0\u00d6zel \u00d6\u011frenme G\u00fc\u00e7l\u00fc\u011f\u00fc\u00a0ya\u015fayan \u00e7ocuklar\u0131m\u0131z\u0131n, ebeveynlerinin ve \u00f6\u011fretmenlerinin bu konuda \u00e7al\u0131\u015f\u0131rken kullanabilecekleri bir e\u011fitim materyalidir ve bu alanda nas\u0131l \u00e7al\u0131\u015f\u0131labilece\u011fi konusunda fikir sahibi olmay\u0131 sa\u011flayacakt\u0131r.<\/p>\n","protected":false},"author":3,"featured_media":279,"comment_status":"closed","ping_status":"open","sticky":false,"template":"","format":"standard","meta":{"footnotes":""},"categories":[2],"tags":[],"coauthors":[],"yoast_head":"<!-- This site is optimized with the Yoast SEO plugin v23.5 - https:\/\/yoast.com\/wordpress\/plugins\/seo\/ -->\n<title>Harf Kar\u0131\u015ft\u0131rma Kitab\u0131 - duyumarket<\/title>\n<meta name=\"robots\" content=\"index, follow, max-snippet:-1, max-image-preview:large, max-video-preview:-1\" \/>\n<link rel=\"canonical\" href=\"https:\/\/duyumarket.com.tr\/blog\/kitap\/harf-karistirma-kitabi\/\" \/>\n<meta property=\"og:locale\" content=\"tr_TR\" \/>\n<meta property=\"og:type\" content=\"article\" \/>\n<meta property=\"og:title\" content=\"Harf Kar\u0131\u015ft\u0131rma Kitab\u0131 - duyumarket\" \/>\n<meta property=\"og:description\" content=\"Harf Kar\u0131\u015ft\u0131rma G\u00f6rsel - \u0130\u015fitsel \u00c7al\u0131\u015fma Kitab\u0131;\u00a0Harfleri Kar\u0131\u015ft\u0131rma Sorunu\u00a0ya\u015fayan \u00e7ocuklar\u0131m\u0131z\u0131n, uygun zihinsel egzersizlerle, harfleri kar\u0131\u015ft\u0131rmalar\u0131na neden olan temel alg\u0131 farkl\u0131l\u0131klar\u0131 ve zihinsel beceri eksikliklerini gidererek bu sorunun ortadan kalkmas\u0131na yard\u0131mc\u0131 olmaktad\u0131r. Ayr\u0131ca;\u00a0\u00d6zel \u00d6\u011frenme G\u00fc\u00e7l\u00fc\u011f\u00fc\u00a0ya\u015fayan \u00e7ocuklar\u0131m\u0131z\u0131n, ebeveynlerinin ve \u00f6\u011fretmenlerinin bu konuda \u00e7al\u0131\u015f\u0131rken kullanabilecekleri bir e\u011fitim materyalidir ve bu alanda nas\u0131l \u00e7al\u0131\u015f\u0131labilece\u011fi konusunda fikir sahibi olmay\u0131 sa\u011flayacakt\u0131r.\" \/>\n<meta property=\"og:url\" content=\"https:\/\/duyumarket.com.tr\/blog\/kitap\/harf-karistirma-kitabi\/\" \/>\n<meta property=\"og:site_name\" content=\"duyumarket\" \/>\n<meta property=\"article:publisher\" content=\"https:\/\/www.facebook.com\/duyumarket\" \/>\n<meta property=\"article:published_time\" content=\"2016-09-17T00:00:00+00:00\" \/>\n<meta property=\"article:modified_time\" content=\"2021-10-07T15:17:14+00:00\" \/>\n<meta property=\"og:image\" content=\"https:\/\/duyumarket.com.tr\/blog\/wp-content\/uploads\/2016\/09\/harf-karistirma-kitabi_4931050791.jpg\" \/>\n\t<meta property=\"og:image:width\" content=\"800\" \/>\n\t<meta property=\"og:image:height\" content=\"1111\" \/>\n\t<meta property=\"og:image:type\" content=\"image\/jpeg\" \/>\n<meta name=\"author\" content=\"Figen \u015een K\u00f6sem\" \/>\n<meta name=\"twitter:card\" content=\"summary_large_image\" \/>\n<meta name=\"twitter:creator\" content=\"@duyu_market\" \/>\n<meta name=\"twitter:site\" content=\"@duyu_market\" \/>\n<meta name=\"twitter:label1\" content=\"Yazan:\" \/>\n\t<meta name=\"twitter:data1\" content=\"Figen \u015een K\u00f6sem\" \/>\n\t<meta name=\"twitter:label2\" content=\"Tahmini okuma s\u00fcresi\" \/>\n\t<meta name=\"twitter:data2\" content=\"2 dakika\" \/>\n\t<meta name=\"twitter:label3\" content=\"Written by\" \/>\n\t<meta name=\"twitter:data3\" content=\"Figen \u015een K\u00f6sem\" \/>\n<script type=\"application\/ld+json\" class=\"yoast-schema-graph\">{\"@context\":\"https:\/\/schema.org\",\"@graph\":[{\"@type\":\"Article\",\"@id\":\"https:\/\/duyumarket.com.tr\/blog\/kitap\/harf-karistirma-kitabi\/#article\",\"isPartOf\":{\"@id\":\"https:\/\/duyumarket.com.tr\/blog\/kitap\/harf-karistirma-kitabi\/\"},\"author\":{\"name\":\"Figen \u015een K\u00f6sem\",\"@id\":\"https:\/\/duyumarket.com.tr\/blog\/#\/schema\/person\/de8a0dbe15943be9da3cd982066f0135\"},\"headline\":\"Harf Kar\u0131\u015ft\u0131rma Kitab\u0131\",\"datePublished\":\"2016-09-17T00:00:00+00:00\",\"dateModified\":\"2021-10-07T15:17:14+00:00\",\"mainEntityOfPage\":{\"@id\":\"https:\/\/duyumarket.com.tr\/blog\/kitap\/harf-karistirma-kitabi\/\"},\"wordCount\":369,\"publisher\":{\"@id\":\"https:\/\/duyumarket.com.tr\/blog\/#organization\"},\"image\":{\"@id\":\"https:\/\/duyumarket.com.tr\/blog\/kitap\/harf-karistirma-kitabi\/#primaryimage\"},\"thumbnailUrl\":\"https:\/\/duyumarket.com.tr\/blog\/wp-content\/uploads\/2016\/09\/harf-karistirma-kitabi_4931050791.jpg\",\"articleSection\":[\"Kitap\"],\"inLanguage\":\"tr\"},{\"@type\":\"WebPage\",\"@id\":\"https:\/\/duyumarket.com.tr\/blog\/kitap\/harf-karistirma-kitabi\/\",\"url\":\"https:\/\/duyumarket.com.tr\/blog\/kitap\/harf-karistirma-kitabi\/\",\"name\":\"Harf Kar\u0131\u015ft\u0131rma Kitab\u0131 - duyumarket\",\"isPartOf\":{\"@id\":\"https:\/\/duyumarket.com.tr\/blog\/#website\"},\"primaryImageOfPage\":{\"@id\":\"https:\/\/duyumarket.com.tr\/blog\/kitap\/harf-karistirma-kitabi\/#primaryimage\"},\"image\":{\"@id\":\"https:\/\/duyumarket.com.tr\/blog\/kitap\/harf-karistirma-kitabi\/#primaryimage\"},\"thumbnailUrl\":\"https:\/\/duyumarket.com.tr\/blog\/wp-content\/uploads\/2016\/09\/harf-karistirma-kitabi_4931050791.jpg\",\"datePublished\":\"2016-09-17T00:00:00+00:00\",\"dateModified\":\"2021-10-07T15:17:14+00:00\",\"inLanguage\":\"tr\",\"potentialAction\":[{\"@type\":\"ReadAction\",\"target\":[\"https:\/\/duyumarket.com.tr\/blog\/kitap\/harf-karistirma-kitabi\/\"]}]},{\"@type\":\"ImageObject\",\"inLanguage\":\"tr\",\"@id\":\"https:\/\/duyumarket.com.tr\/blog\/kitap\/harf-karistirma-kitabi\/#primaryimage\",\"url\":\"https:\/\/duyumarket.com.tr\/blog\/wp-content\/uploads\/2016\/09\/harf-karistirma-kitabi_4931050791.jpg\",\"contentUrl\":\"https:\/\/duyumarket.com.tr\/blog\/wp-content\/uploads\/2016\/09\/harf-karistirma-kitabi_4931050791.jpg\",\"width\":800,\"height\":1111},{\"@type\":\"WebSite\",\"@id\":\"https:\/\/duyumarket.com.tr\/blog\/#website\",\"url\":\"https:\/\/duyumarket.com.tr\/blog\/\",\"name\":\"Duyu Market Blog\",\"description\":\"blog\",\"publisher\":{\"@id\":\"https:\/\/duyumarket.com.tr\/blog\/#organization\"},\"potentialAction\":[{\"@type\":\"SearchAction\",\"target\":{\"@type\":\"EntryPoint\",\"urlTemplate\":\"https:\/\/duyumarket.com.tr\/blog\/?s={search_term_string}\"},\"query-input\":{\"@type\":\"PropertyValueSpecification\",\"valueRequired\":true,\"valueName\":\"search_term_string\"}}],\"inLanguage\":\"tr\"},{\"@type\":\"Organization\",\"@id\":\"https:\/\/duyumarket.com.tr\/blog\/#organization\",\"name\":\"Duyu Market\",\"url\":\"https:\/\/duyumarket.com.tr\/blog\/\",\"logo\":{\"@type\":\"ImageObject\",\"inLanguage\":\"tr\",\"@id\":\"https:\/\/duyumarket.com.tr\/blog\/#\/schema\/logo\/image\/\",\"url\":\"https:\/\/duyumarket.com.tr\/blog\/wp-content\/uploads\/2021\/01\/logo-black.png\",\"contentUrl\":\"https:\/\/duyumarket.com.tr\/blog\/wp-content\/uploads\/2021\/01\/logo-black.png\",\"width\":400,\"height\":87,\"caption\":\"Duyu Market\"},\"image\":{\"@id\":\"https:\/\/duyumarket.com.tr\/blog\/#\/schema\/logo\/image\/\"},\"sameAs\":[\"https:\/\/www.facebook.com\/duyumarket\",\"https:\/\/x.com\/duyu_market\",\"https:\/\/www.instagram.com\/duyu_market\",\"https:\/\/www.youtube.com\/DuyuMarketTV\"]},{\"@type\":\"Person\",\"@id\":\"https:\/\/duyumarket.com.tr\/blog\/#\/schema\/person\/de8a0dbe15943be9da3cd982066f0135\",\"name\":\"Figen \u015een K\u00f6sem\",\"image\":{\"@type\":\"ImageObject\",\"inLanguage\":\"tr\",\"@id\":\"https:\/\/duyumarket.com.tr\/blog\/#\/schema\/person\/image\/80a55b1d174717383724455fc5d703a1\",\"url\":\"https:\/\/secure.gravatar.com\/avatar\/17384a495424db367d268b329f55c4a6?s=96&d=mm&r=g\",\"contentUrl\":\"https:\/\/secure.gravatar.com\/avatar\/17384a495424db367d268b329f55c4a6?s=96&d=mm&r=g\",\"caption\":\"Figen \u015een K\u00f6sem\"},\"description\":\"\u00c7ocuk &amp; Ergen Psikiyatristi\",\"sameAs\":[\"http:\/\/figensenkosem.com\"],\"url\":\"https:\/\/duyumarket.com.tr\/blog\/author\/figen-sen-kosem\/\"}]}<\/script>\n<!-- \/ Yoast SEO plugin. -->","yoast_head_json":{"title":"Harf Kar\u0131\u015ft\u0131rma Kitab\u0131 - duyumarket","robots":{"index":"index","follow":"follow","max-snippet":"max-snippet:-1","max-image-preview":"max-image-preview:large","max-video-preview":"max-video-preview:-1"},"canonical":"https:\/\/duyumarket.com.tr\/blog\/kitap\/harf-karistirma-kitabi\/","og_locale":"tr_TR","og_type":"article","og_title":"Harf Kar\u0131\u015ft\u0131rma Kitab\u0131 - duyumarket","og_description":"Harf Kar\u0131\u015ft\u0131rma G\u00f6rsel - \u0130\u015fitsel \u00c7al\u0131\u015fma Kitab\u0131;\u00a0Harfleri Kar\u0131\u015ft\u0131rma Sorunu\u00a0ya\u015fayan \u00e7ocuklar\u0131m\u0131z\u0131n, uygun zihinsel egzersizlerle, harfleri kar\u0131\u015ft\u0131rmalar\u0131na neden olan temel alg\u0131 farkl\u0131l\u0131klar\u0131 ve zihinsel beceri eksikliklerini gidererek bu sorunun ortadan kalkmas\u0131na yard\u0131mc\u0131 olmaktad\u0131r. Ayr\u0131ca;\u00a0\u00d6zel \u00d6\u011frenme G\u00fc\u00e7l\u00fc\u011f\u00fc\u00a0ya\u015fayan \u00e7ocuklar\u0131m\u0131z\u0131n, ebeveynlerinin ve \u00f6\u011fretmenlerinin bu konuda \u00e7al\u0131\u015f\u0131rken kullanabilecekleri bir e\u011fitim materyalidir ve bu alanda nas\u0131l \u00e7al\u0131\u015f\u0131labilece\u011fi konusunda fikir sahibi olmay\u0131 sa\u011flayacakt\u0131r.","og_url":"https:\/\/duyumarket.com.tr\/blog\/kitap\/harf-karistirma-kitabi\/","og_site_name":"duyumarket","article_publisher":"https:\/\/www.facebook.com\/duyumarket","article_published_time":"2016-09-17T00:00:00+00:00","article_modified_time":"2021-10-07T15:17:14+00:00","og_image":[{"width":800,"height":1111,"url":"https:\/\/duyumarket.com.tr\/blog\/wp-content\/uploads\/2016\/09\/harf-karistirma-kitabi_4931050791.jpg","type":"image\/jpeg"}],"author":"Figen \u015een K\u00f6sem","twitter_card":"summary_large_image","twitter_creator":"@duyu_market","twitter_site":"@duyu_market","twitter_misc":{"Yazan:":"Figen \u015een K\u00f6sem","Tahmini okuma s\u00fcresi":"2 dakika","Written by":"Figen \u015een K\u00f6sem"},"schema":{"@context":"https:\/\/schema.org","@graph":[{"@type":"Article","@id":"https:\/\/duyumarket.com.tr\/blog\/kitap\/harf-karistirma-kitabi\/#article","isPartOf":{"@id":"https:\/\/duyumarket.com.tr\/blog\/kitap\/harf-karistirma-kitabi\/"},"author":{"name":"Figen \u015een K\u00f6sem","@id":"https:\/\/duyumarket.com.tr\/blog\/#\/schema\/person\/de8a0dbe15943be9da3cd982066f0135"},"headline":"Harf Kar\u0131\u015ft\u0131rma Kitab\u0131","datePublished":"2016-09-17T00:00:00+00:00","dateModified":"2021-10-07T15:17:14+00:00","mainEntityOfPage":{"@id":"https:\/\/duyumarket.com.tr\/blog\/kitap\/harf-karistirma-kitabi\/"},"wordCount":369,"publisher":{"@id":"https:\/\/duyumarket.com.tr\/blog\/#organization"},"image":{"@id":"https:\/\/duyumarket.com.tr\/blog\/kitap\/harf-karistirma-kitabi\/#primaryimage"},"thumbnailUrl":"https:\/\/duyumarket.com.tr\/blog\/wp-content\/uploads\/2016\/09\/harf-karistirma-kitabi_4931050791.jpg","articleSection":["Kitap"],"inLanguage":"tr"},{"@type":"WebPage","@id":"https:\/\/duyumarket.com.tr\/blog\/kitap\/harf-karistirma-kitabi\/","url":"https:\/\/duyumarket.com.tr\/blog\/kitap\/harf-karistirma-kitabi\/","name":"Harf Kar\u0131\u015ft\u0131rma Kitab\u0131 - duyumarket","isPartOf":{"@id":"https:\/\/duyumarket.com.tr\/blog\/#website"},"primaryImageOfPage":{"@id":"https:\/\/duyumarket.com.tr\/blog\/kitap\/harf-karistirma-kitabi\/#primaryimage"},"image":{"@id":"https:\/\/duyumarket.com.tr\/blog\/kitap\/harf-karistirma-kitabi\/#primaryimage"},"thumbnailUrl":"https:\/\/duyumarket.com.tr\/blog\/wp-content\/uploads\/2016\/09\/harf-karistirma-kitabi_4931050791.jpg","datePublished":"2016-09-17T00:00:00+00:00","dateModified":"2021-10-07T15:17:14+00:00","inLanguage":"tr","potentialAction":[{"@type":"ReadAction","target":["https:\/\/duyumarket.com.tr\/blog\/kitap\/harf-karistirma-kitabi\/"]}]},{"@type":"ImageObject","inLanguage":"tr","@id":"https:\/\/duyumarket.com.tr\/blog\/kitap\/harf-karistirma-kitabi\/#primaryimage","url":"https:\/\/duyumarket.com.tr\/blog\/wp-content\/uploads\/2016\/09\/harf-karistirma-kitabi_4931050791.jpg","contentUrl":"https:\/\/duyumarket.com.tr\/blog\/wp-content\/uploads\/2016\/09\/harf-karistirma-kitabi_4931050791.jpg","width":800,"height":1111},{"@type":"WebSite","@id":"https:\/\/duyumarket.com.tr\/blog\/#website","url":"https:\/\/duyumarket.com.tr\/blog\/","name":"Duyu Market Blog","description":"blog","publisher":{"@id":"https:\/\/duyumarket.com.tr\/blog\/#organization"},"potentialAction":[{"@type":"SearchAction","target":{"@type":"EntryPoint","urlTemplate":"https:\/\/duyumarket.com.tr\/blog\/?s={search_term_string}"},"query-input":{"@type":"PropertyValueSpecification","valueRequired":true,"valueName":"search_term_string"}}],"inLanguage":"tr"},{"@type":"Organization","@id":"https:\/\/duyumarket.com.tr\/blog\/#organization","name":"Duyu Market","url":"https:\/\/duyumarket.com.tr\/blog\/","logo":{"@type":"ImageObject","inLanguage":"tr","@id":"https:\/\/duyumarket.com.tr\/blog\/#\/schema\/logo\/image\/","url":"https:\/\/duyumarket.com.tr\/blog\/wp-content\/uploads\/2021\/01\/logo-black.png","contentUrl":"https:\/\/duyumarket.com.tr\/blog\/wp-content\/uploads\/2021\/01\/logo-black.png","width":400,"height":87,"caption":"Duyu Market"},"image":{"@id":"https:\/\/duyumarket.com.tr\/blog\/#\/schema\/logo\/image\/"},"sameAs":["https:\/\/www.facebook.com\/duyumarket","https:\/\/x.com\/duyu_market","https:\/\/www.instagram.com\/duyu_market","https:\/\/www.youtube.com\/DuyuMarketTV"]},{"@type":"Person","@id":"https:\/\/duyumarket.com.tr\/blog\/#\/schema\/person\/de8a0dbe15943be9da3cd982066f0135","name":"Figen \u015een K\u00f6sem","image":{"@type":"ImageObject","inLanguage":"tr","@id":"https:\/\/duyumarket.com.tr\/blog\/#\/schema\/person\/image\/80a55b1d174717383724455fc5d703a1","url":"https:\/\/secure.gravatar.com\/avatar\/17384a495424db367d268b329f55c4a6?s=96&d=mm&r=g","contentUrl":"https:\/\/secure.gravatar.com\/avatar\/17384a495424db367d268b329f55c4a6?s=96&d=mm&r=g","caption":"Figen \u015een K\u00f6sem"},"description":"\u00c7ocuk &amp; Ergen Psikiyatristi","sameAs":["http:\/\/figensenkosem.com"],"url":"https:\/\/duyumarket.com.tr\/blog\/author\/figen-sen-kosem\/"}]}},"_links":{"self":[{"href":"https:\/\/duyumarket.com.tr\/blog\/wp-json\/wp\/v2\/posts\/11"}],"collection":[{"href":"https:\/\/duyumarket.com.tr\/blog\/wp-json\/wp\/v2\/posts"}],"about":[{"href":"https:\/\/duyumarket.com.tr\/blog\/wp-json\/wp\/v2\/types\/post"}],"author":[{"embeddable":true,"href":"https:\/\/duyumarket.com.tr\/blog\/wp-json\/wp\/v2\/users\/3"}],"replies":[{"embeddable":true,"href":"https:\/\/duyumarket.com.tr\/blog\/wp-json\/wp\/v2\/comments?post=11"}],"version-history":[{"count":2,"href":"https:\/\/duyumarket.com.tr\/blog\/wp-json\/wp\/v2\/posts\/11\/revisions"}],"predecessor-version":[{"id":280,"href":"https:\/\/duyumarket.com.tr\/blog\/wp-json\/wp\/v2\/posts\/11\/revisions\/280"}],"wp:featuredmedia":[{"embeddable":true,"href":"https:\/\/duyumarket.com.tr\/blog\/wp-json\/wp\/v2\/media\/279"}],"wp:attachment":[{"href":"https:\/\/duyumarket.com.tr\/blog\/wp-json\/wp\/v2\/media?parent=11"}],"wp:term":[{"taxonomy":"category","embeddable":true,"href":"https:\/\/duyumarket.com.tr\/blog\/wp-json\/wp\/v2\/categories?post=11"},{"taxonomy":"post_tag","embeddable":true,"href":"https:\/\/duyumarket.com.tr\/blog\/wp-json\/wp\/v2\/tags?post=11"},{"taxonomy":"author","embeddable":true,"href":"https:\/\/duyumarket.com.tr\/blog\/wp-json\/wp\/v2\/coauthors?post=11"}],"curies":[{"name":"wp","href":"https:\/\/api.w.org\/{rel}","templated":true}]}}